{"id":88,"date":"2012-01-24T07:45:22","date_gmt":"2012-01-24T07:45:22","guid":{"rendered":"http:\/\/wohnprojektbadbramstedt.wordpress.com\/?p=88"},"modified":"2013-08-23T06:36:00","modified_gmt":"2013-08-23T06:36:00","slug":"diskussion-der-bauvoranfrage-im-planungsausschuss","status":"publish","type":"post","link":"https:\/\/wohnprojektbadbramstedt.de\/?p=88","title":{"rendered":"Diskussion der Bauvoranfrage im Planungsausschuss"},"content":{"rendered":"<p>Gestern, am 23. Januar, haben wir den Planungsauschuss besucht, bei dem unsere Bauvoranfrage zum Grundst\u00fcck Oskar-Alexander-Str. \/ Ecke Birkenweg besprochen wurde. Gefreut hat uns, dass sich alle Fraktionen nicht nur f\u00fcr unser Wohnprojekt, sondern auch f\u00fcr den Standort aussprachen (nachzulesen unter TOP 4 des Protokolls\u00a0 des Planungsauschusses auf der <a title=\"Protokoll Planujngsausschuss 23.1.2012\" href=\"http:\/\/www.bad-bramstedt.de\/Stadtportal\/Kommunalpolitik\/Ausschussprotokolle\" target=\"_blank\">Internetseite <\/a>der Stadt).<\/p>\n<p>Bedauert wurde, dass bei einer Realisierung unseres Vorhabens das Geb\u00e4ude nicht erhalten werden kann. Das\u00a0 bedauern wir auch, aber das Geb\u00e4ude ist stark bauf\u00e4llig und in der derzeitigen Form nach Meinung der Fachleute nicht f\u00fcr die Zwecke des Wohnprojekts nutzbar. Ein m\u00f6glicher Abriss fand auch einen entsprechenden Nachhall in einem <a href=\"http:\/\/wohnprojektbadbramstedt.files.wordpress.com\/2012\/02\/sz-26-1-2012-haus-an-den-auen-soll-einem-generationenprojekt-weichen.pdf\">Artikel <\/a>in den Segeberger Nachrichten.<\/p>\n","protected":false},"excerpt":{"rendered":"<p>Gestern, am 23. Januar, haben wir den Planungsauschuss besucht, bei dem unsere Bauvoranfrage zum Grundst\u00fcck Oskar-Alexander-Str. \/ Ecke Birkenweg besprochen wurde. Gefreut hat uns, dass sich alle Fraktionen nicht nur f\u00fcr unser Wohnprojekt, sondern auch f\u00fcr den Standort aussprachen (nachzulesen &hellip; <a href=\"https:\/\/wohnprojektbadbramstedt.de\/?p=88\">Weiterlesen <span class=\"meta-nav\">&rarr;<\/span><\/a><\/p>\n","protected":false},"author":3,"featured_media":0,"comment_status":"closed","ping_status":"closed","sticky":false,"template":"","format":"standard","meta":{"footnotes":""},"categories":[4],"tags":[13,14,30,18,19],"class_list":["post-88","post","type-post","status-publish","format-standard","hentry","category-behorden-und-politik","tag-bad-bramstedt","tag-generationsubergreifend","tag-inklusion","tag-nachbarschaftlich","tag-wohnprojekt"],"_links":{"self":[{"href":"https:\/\/wohnprojektbadbramstedt.de\/index.php?rest_route=\/wp\/v2\/posts\/88","targetHints":{"allow":["GET"]}}],"collection":[{"href":"https:\/\/wohnprojektbadbramstedt.de\/index.php?rest_route=\/wp\/v2\/posts"}],"about":[{"href":"https:\/\/wohnprojektbadbramstedt.de\/index.php?rest_route=\/wp\/v2\/types\/post"}],"author":[{"embeddable":true,"href":"https:\/\/wohnprojektbadbramstedt.de\/index.php?rest_route=\/wp\/v2\/users\/3"}],"replies":[{"embeddable":true,"href":"https:\/\/wohnprojektbadbramstedt.de\/index.php?rest_route=%2Fwp%2Fv2%2Fcomments&post=88"}],"version-history":[{"count":1,"href":"https:\/\/wohnprojektbadbramstedt.de\/index.php?rest_route=\/wp\/v2\/posts\/88\/revisions"}],"predecessor-version":[{"id":1547,"href":"https:\/\/wohnprojektbadbramstedt.de\/index.php?rest_route=\/wp\/v2\/posts\/88\/revisions\/1547"}],"wp:attachment":[{"href":"https:\/\/wohnprojektbadbramstedt.de\/index.php?rest_route=%2Fwp%2Fv2%2Fmedia&parent=88"}],"wp:term":[{"taxonomy":"category","embeddable":true,"href":"https:\/\/wohnprojektbadbramstedt.de\/index.php?rest_route=%2Fwp%2Fv2%2Fcategories&post=88"},{"taxonomy":"post_tag","embeddable":true,"href":"https:\/\/wohnprojektbadbramstedt.de\/index.php?rest_route=%2Fwp%2Fv2%2Ftags&post=88"}],"curies":[{"name":"wp","href":"https:\/\/api.w.org\/{rel}","templated":true}]}}