{"id":8913,"date":"2021-05-12T16:38:49","date_gmt":"2021-05-12T14:38:49","guid":{"rendered":"https:\/\/wohnprojekt.wohnprojektbadbramstedt.de\/?p=8913"},"modified":"2021-05-12T16:38:49","modified_gmt":"2021-05-12T14:38:49","slug":"bau-eines-flechtzauns-an-der-grundstuecksgrenze","status":"publish","type":"post","link":"https:\/\/wohnprojektbadbramstedt.de\/?p=8913","title":{"rendered":"Bau eines Flechtzauns an der Grundst\u00fccksgrenze"},"content":{"rendered":"<div id=\"attachment_8908\" style=\"width: 147px\" class=\"wp-caption alignleft\"><a href=\"https:\/\/wohnprojektbadbramstedt.de\/wp-content\/uploads\/2021\/05\/IMG_20210113_111558-Schnitt-Kopflinden-scaled-e1620808817739.jpg\"><img loading=\"lazy\" decoding=\"async\" aria-describedby=\"caption-attachment-8908\" class=\"size-medium wp-image-8908\" src=\"https:\/\/wohnprojektbadbramstedt.de\/wp-content\/uploads\/2021\/05\/IMG_20210113_111558-Schnitt-Kopflinden-scaled-e1620808817739-137x300.jpg\" alt=\"\" width=\"137\" height=\"300\" srcset=\"https:\/\/wohnprojektbadbramstedt.de\/wp-content\/uploads\/2021\/05\/IMG_20210113_111558-Schnitt-Kopflinden-scaled-e1620808817739-137x300.jpg 137w, https:\/\/wohnprojektbadbramstedt.de\/wp-content\/uploads\/2021\/05\/IMG_20210113_111558-Schnitt-Kopflinden-scaled-e1620808817739-469x1024.jpg 469w, https:\/\/wohnprojektbadbramstedt.de\/wp-content\/uploads\/2021\/05\/IMG_20210113_111558-Schnitt-Kopflinden-scaled-e1620808817739-768x1676.jpg 768w, https:\/\/wohnprojektbadbramstedt.de\/wp-content\/uploads\/2021\/05\/IMG_20210113_111558-Schnitt-Kopflinden-scaled-e1620808817739-704x1536.jpg 704w, https:\/\/wohnprojektbadbramstedt.de\/wp-content\/uploads\/2021\/05\/IMG_20210113_111558-Schnitt-Kopflinden-scaled-e1620808817739-938x2048.jpg 938w, https:\/\/wohnprojektbadbramstedt.de\/wp-content\/uploads\/2021\/05\/IMG_20210113_111558-Schnitt-Kopflinden-scaled-e1620808817739.jpg 1173w\" sizes=\"auto, (max-width: 137px) 100vw, 137px\" \/><\/a><p id=\"caption-attachment-8908\" class=\"wp-caption-text\">Alle drei Jahre m\u00fcssen unsere Kopflinden geschnitten werden<\/p><\/div>\n<p>Mit dem Kauf des Grundst\u00fccks Haus an den Auen haben wir an der Grundst\u00fcckgrenze zur Stra\u00dfe auch eine Reihe von altehrw\u00fcrdigen Kopflinden \u00fcbernommen, die im Baumkatasters der Stadt Bad Bramstedt erfasst sind. Um ihr landschaftstypisches, charakteristisches Erscheinungsbild zu erhalten, muss alle drei Jahre ein radikaler Kronenschnitt erfolgen. Erstmalig hatte dies ein Fachbetrieb \u00fcbernommen und es uns gezeigt, seither machen wir dies in Eigenregie.<\/p>\n<p>Da entlang der Stra\u00dfe f\u00fcnf Kopflinden stehen und\u00a0 entlang eines alten Weges auf dem Grundst\u00fcck weitere drei, ist der regelm\u00e4\u00dfige Schnitt eine aufw\u00e4ndige Angelegenheit.<\/p>\n<p>Im Unterschied zum letzten Mal haben wir in diesem Jahr\u00a0 die \u00c4ste und Triebe nicht geh\u00e4ckselt, sondern f\u00fcr ein schon lange geplantes Projekt zur Seite gelegt: die Anlage eines Flechtzauns an der westlichen Grundst\u00fcckgrenze zur Olau und zur 3-Auen-Br\u00fccke.<\/p>\n<div id=\"attachment_8910\" style=\"width: 310px\" class=\"wp-caption alignleft\"><a href=\"https:\/\/wohnprojektbadbramstedt.de\/wp-content\/uploads\/2021\/05\/IMG_20210416_110110-Pfosten-einschlagen-fuer-Flechtzaun-scaled.jpg\"><img loading=\"lazy\" decoding=\"async\" aria-describedby=\"caption-attachment-8910\" class=\"size-medium wp-image-8910\" src=\"https:\/\/wohnprojektbadbramstedt.de\/wp-content\/uploads\/2021\/05\/IMG_20210416_110110-Pfosten-einschlagen-fuer-Flechtzaun-300x138.jpg\" alt=\"\" width=\"300\" height=\"138\" srcset=\"https:\/\/wohnprojektbadbramstedt.de\/wp-content\/uploads\/2021\/05\/IMG_20210416_110110-Pfosten-einschlagen-fuer-Flechtzaun-300x138.jpg 300w, https:\/\/wohnprojektbadbramstedt.de\/wp-content\/uploads\/2021\/05\/IMG_20210416_110110-Pfosten-einschlagen-fuer-Flechtzaun-1024x469.jpg 1024w, https:\/\/wohnprojektbadbramstedt.de\/wp-content\/uploads\/2021\/05\/IMG_20210416_110110-Pfosten-einschlagen-fuer-Flechtzaun-768x352.jpg 768w, https:\/\/wohnprojektbadbramstedt.de\/wp-content\/uploads\/2021\/05\/IMG_20210416_110110-Pfosten-einschlagen-fuer-Flechtzaun-1536x704.jpg 1536w, https:\/\/wohnprojektbadbramstedt.de\/wp-content\/uploads\/2021\/05\/IMG_20210416_110110-Pfosten-einschlagen-fuer-Flechtzaun-2048x939.jpg 2048w\" sizes=\"auto, (max-width: 300px) 100vw, 300px\" \/><\/a><p id=\"caption-attachment-8910\" class=\"wp-caption-text\">Der Zaun wird durch eine Doppelreihe Recyclingpf\u00e4hle stabilisiert<\/p><\/div>\n<p>Nachdem ein erster, eher provisorische Zaun nicht lange gehalten hatte, haben wir den neuen Zaun professioneller angelegt. Mit Pf\u00e4hlen aus Recyclingmaterial haben wir eine Doppelreihe in den Boden geschlagen, um zwischen diese dann die \u00c4ste und Triebe der Kopflinden zu flechten. Die Zwischenr\u00e4ume wurden mit Zweigen und Gartenabfall gef\u00fcllt, um V\u00f6geln und anderen Kleintieren einen Lebensraum zu bieten. Der Bau des Flechtzaunes war ein gutes St\u00fcck Arbeit, an dem sich auch wieder verschiedene Mitglieder unseres Wohnprojekts aktiv beteiligten.<\/p>\n<p>Die Gartenarbeit im Freien mit Abstand ist zur Zeit eine der wenigen Aktivit\u00e4ten, die man gut trotz der weiter bestehenden Coronabedrohung machen kann. Erfreulich ist, dass nun schon ein gr\u00f6\u00dferer Teil unserer Nachbarn geimpft ist, so dass wir vielleicht schon im Sommer zu den bisherigen Aktivit\u00e4ten zur\u00fcckkehren k\u00f6nnen.<\/p>\n<div id=\"attachment_8911\" style=\"width: 650px\" class=\"wp-caption alignleft\"><a href=\"https:\/\/wohnprojektbadbramstedt.de\/wp-content\/uploads\/2021\/05\/IMG_20210428_120216-Fuellen-des-Flechtzauns-scaled.jpg\"><img loading=\"lazy\" decoding=\"async\" aria-describedby=\"caption-attachment-8911\" class=\"size-large wp-image-8911\" src=\"https:\/\/wohnprojektbadbramstedt.de\/wp-content\/uploads\/2021\/05\/IMG_20210428_120216-Fuellen-des-Flechtzauns-1024x469.jpg\" alt=\"\" width=\"640\" height=\"293\" srcset=\"https:\/\/wohnprojektbadbramstedt.de\/wp-content\/uploads\/2021\/05\/IMG_20210428_120216-Fuellen-des-Flechtzauns-1024x469.jpg 1024w, https:\/\/wohnprojektbadbramstedt.de\/wp-content\/uploads\/2021\/05\/IMG_20210428_120216-Fuellen-des-Flechtzauns-300x138.jpg 300w, https:\/\/wohnprojektbadbramstedt.de\/wp-content\/uploads\/2021\/05\/IMG_20210428_120216-Fuellen-des-Flechtzauns-768x352.jpg 768w, https:\/\/wohnprojektbadbramstedt.de\/wp-content\/uploads\/2021\/05\/IMG_20210428_120216-Fuellen-des-Flechtzauns-1536x704.jpg 1536w, https:\/\/wohnprojektbadbramstedt.de\/wp-content\/uploads\/2021\/05\/IMG_20210428_120216-Fuellen-des-Flechtzauns-2048x939.jpg 2048w\" sizes=\"auto, (max-width: 640px) 100vw, 640px\" \/><\/a><p id=\"caption-attachment-8911\" class=\"wp-caption-text\">Die doppelte Flechtreihe ist fertig. Nun werden die Zwischenr\u00e4ume gef\u00fcllt, die V\u00f6geln und Kleintieren Schutz bieten sollen<\/p><\/div>\n<p>&nbsp;<\/p>\n<p>&nbsp;<\/p>\n","protected":false},"excerpt":{"rendered":"<p>Mit dem Kauf des Grundst\u00fccks Haus an den Auen haben wir an der Grundst\u00fcckgrenze zur Stra\u00dfe auch eine Reihe von altehrw\u00fcrdigen Kopflinden \u00fcbernommen, die im Baumkatasters der Stadt Bad Bramstedt erfasst sind. Um ihr landschaftstypisches, charakteristisches Erscheinungsbild zu erhalten, muss &hellip; <a href=\"https:\/\/wohnprojektbadbramstedt.de\/?p=8913\">Weiterlesen <span class=\"meta-nav\">&rarr;<\/span><\/a><\/p>\n","protected":false},"author":1,"featured_media":0,"comment_status":"closed","ping_status":"closed","sticky":false,"template":"","format":"standard","meta":{"footnotes":""},"categories":[38],"tags":[13,39,18,19],"class_list":["post-8913","post","type-post","status-publish","format-standard","hentry","category-gartengestaltung","tag-bad-bramstedt","tag-gartengestaltung","tag-nachbarschaftlich","tag-wohnprojekt"],"_links":{"self":[{"href":"https:\/\/wohnprojektbadbramstedt.de\/index.php?rest_route=\/wp\/v2\/posts\/8913","targetHints":{"allow":["GET"]}}],"collection":[{"href":"https:\/\/wohnprojektbadbramstedt.de\/index.php?rest_route=\/wp\/v2\/posts"}],"about":[{"href":"https:\/\/wohnprojektbadbramstedt.de\/index.php?rest_route=\/wp\/v2\/types\/post"}],"author":[{"embeddable":true,"href":"https:\/\/wohnprojektbadbramstedt.de\/index.php?rest_route=\/wp\/v2\/users\/1"}],"replies":[{"embeddable":true,"href":"https:\/\/wohnprojektbadbramstedt.de\/index.php?rest_route=%2Fwp%2Fv2%2Fcomments&post=8913"}],"version-history":[{"count":8,"href":"https:\/\/wohnprojektbadbramstedt.de\/index.php?rest_route=\/wp\/v2\/posts\/8913\/revisions"}],"predecessor-version":[{"id":8921,"href":"https:\/\/wohnprojektbadbramstedt.de\/index.php?rest_route=\/wp\/v2\/posts\/8913\/revisions\/8921"}],"wp:attachment":[{"href":"https:\/\/wohnprojektbadbramstedt.de\/index.php?rest_route=%2Fwp%2Fv2%2Fmedia&parent=8913"}],"wp:term":[{"taxonomy":"category","embeddable":true,"href":"https:\/\/wohnprojektbadbramstedt.de\/index.php?rest_route=%2Fwp%2Fv2%2Fcategories&post=8913"},{"taxonomy":"post_tag","embeddable":true,"href":"https:\/\/wohnprojektbadbramstedt.de\/index.php?rest_route=%2Fwp%2Fv2%2Ftags&post=8913"}],"curies":[{"name":"wp","href":"https:\/\/api.w.org\/{rel}","templated":true}]}}