{"id":9239,"date":"2022-02-18T17:51:13","date_gmt":"2022-02-18T16:51:13","guid":{"rendered":"https:\/\/wohnprojekt.wohnprojektbadbramstedt.de\/?p=9239"},"modified":"2022-02-20T18:20:28","modified_gmt":"2022-02-20T17:20:28","slug":"nasse-fuesse","status":"publish","type":"post","link":"https:\/\/wohnprojektbadbramstedt.de\/?p=9239","title":{"rendered":"Nasse F\u00fcsse?"},"content":{"rendered":"<div id=\"attachment_9240\" style=\"width: 310px\" class=\"wp-caption alignleft\"><a href=\"https:\/\/wohnprojektbadbramstedt.de\/wp-content\/uploads\/2022\/02\/IMG_20220207_131335-Sperrung-Wanderweg-scaled.jpg\"><img loading=\"lazy\" decoding=\"async\" aria-describedby=\"caption-attachment-9240\" class=\"size-medium wp-image-9240\" src=\"https:\/\/wohnprojektbadbramstedt.de\/wp-content\/uploads\/2022\/02\/IMG_20220207_131335-Sperrung-Wanderweg-300x138.jpg\" alt=\"\" width=\"300\" height=\"138\" srcset=\"https:\/\/wohnprojektbadbramstedt.de\/wp-content\/uploads\/2022\/02\/IMG_20220207_131335-Sperrung-Wanderweg-300x138.jpg 300w, https:\/\/wohnprojektbadbramstedt.de\/wp-content\/uploads\/2022\/02\/IMG_20220207_131335-Sperrung-Wanderweg-1024x469.jpg 1024w, https:\/\/wohnprojektbadbramstedt.de\/wp-content\/uploads\/2022\/02\/IMG_20220207_131335-Sperrung-Wanderweg-768x352.jpg 768w, https:\/\/wohnprojektbadbramstedt.de\/wp-content\/uploads\/2022\/02\/IMG_20220207_131335-Sperrung-Wanderweg-1536x704.jpg 1536w, https:\/\/wohnprojektbadbramstedt.de\/wp-content\/uploads\/2022\/02\/IMG_20220207_131335-Sperrung-Wanderweg-2048x939.jpg 2048w\" sizes=\"auto, (max-width: 300px) 100vw, 300px\" \/><\/a><p id=\"caption-attachment-9240\" class=\"wp-caption-text\">Gesperrt! Der s\u00fcdliche Wanderweg zum Haus an den Auen steht unter Wasser.<\/p><\/div>\n<p>Nach einigen Tagen starken Regens f\u00e4llt mal wieder\u00a0 der Blick aus dem Fenster auf eine ausgepr\u00e4gte Seenlandschaft. Von der Au ist nichts mehr zu erkennen und das Wasser hat das ganze Tal \u00fcberschwemmt.\u00a0 Die Wanderwege sind f\u00fcr einige Tage gesperrt bis sich das Wasser wieder zur\u00fcckzieht. Von drei Seiten ist unser Grundst\u00fcck nun von Wasser umgeben. Aber kein Problem, der Zugang \u00fcber die Stra\u00dfe ist immer noch erreichbar. Im Gegensatz zu den schlimmen \u00dcberschwemmungen in anderen Teilen Deutschlands richtet das Wasser hier keinen Schaden an, da die breiten Auent\u00e4ler als nat\u00fcrliche Ausweichfl\u00e4chen f\u00fcr das Wasser dienen. Und durch die <a href=\"https:\/\/wohnprojektbadbramstedt.de\/?p=7447\">Renaturierungsprogramme der Auen<\/a> um Bad Bramstedt im Fr\u00fchjahr 2018 konnte auch die Flie\u00dfgeschwindigkeit der Auen und damit das \u00dcberschwemmungsrisiko im Stadtkern Bad Bramstedts verringert werden.<\/p>\n<div id=\"attachment_9242\" style=\"width: 310px\" class=\"wp-caption alignleft\"><a href=\"https:\/\/wohnprojektbadbramstedt.de\/wp-content\/uploads\/2022\/02\/IMG_20220207_131119-Blick-vom-Wanderweg-1-scaled.jpg\"><img loading=\"lazy\" decoding=\"async\" aria-describedby=\"caption-attachment-9242\" class=\"size-medium wp-image-9242\" src=\"https:\/\/wohnprojektbadbramstedt.de\/wp-content\/uploads\/2022\/02\/IMG_20220207_131119-Blick-vom-Wanderweg-1-300x138.jpg\" alt=\"\" width=\"300\" height=\"138\" srcset=\"https:\/\/wohnprojektbadbramstedt.de\/wp-content\/uploads\/2022\/02\/IMG_20220207_131119-Blick-vom-Wanderweg-1-300x138.jpg 300w, https:\/\/wohnprojektbadbramstedt.de\/wp-content\/uploads\/2022\/02\/IMG_20220207_131119-Blick-vom-Wanderweg-1-1024x469.jpg 1024w, https:\/\/wohnprojektbadbramstedt.de\/wp-content\/uploads\/2022\/02\/IMG_20220207_131119-Blick-vom-Wanderweg-1-768x352.jpg 768w, https:\/\/wohnprojektbadbramstedt.de\/wp-content\/uploads\/2022\/02\/IMG_20220207_131119-Blick-vom-Wanderweg-1-1536x704.jpg 1536w, https:\/\/wohnprojektbadbramstedt.de\/wp-content\/uploads\/2022\/02\/IMG_20220207_131119-Blick-vom-Wanderweg-1-2048x939.jpg 2048w\" sizes=\"auto, (max-width: 300px) 100vw, 300px\" \/><\/a><p id=\"caption-attachment-9242\" class=\"wp-caption-text\">Die von uns gepflanzen B\u00e4ume stehen zur Zeit mit den F\u00fc\u00dfen im Wasser, aber zu den Terrassen sind es noch zwei Meter.<\/p><\/div>\n<p>Beim Bau unserer H\u00e4user hatten wir uns intensiv mit den Wasserst\u00e4nden besch\u00e4ftigt und auch bereits zuk\u00fcnftige st\u00e4rkere \u00dcberschwemmungen mit eingeplant. So haben wir das Niveau unseres Grundst\u00fccks im westlichen Bereich auf die H\u00f6he der Oskar-Alexander-Stra\u00dfe aufgesch\u00fcttet. Dies war notwendig, da wir insgesamt barrierefrei bauen wollten und Steigungen auf dem Grundst\u00fcck oder zwischen den H\u00e4usern vermeiden mussten. Andererseits haben wir, um nicht zur Hochwassersituation im Auental beizutragen,\u00a0 eine sehr gro\u00dfe Versickerungsmulde gebaut, in die das ganze Oberfl\u00e4chenwasser der versiegelten Fl\u00e4chen entw\u00e4ssert und nur langsam in die Au abgegeben wird.<\/p>\n<div id=\"attachment_9241\" style=\"width: 650px\" class=\"wp-caption alignleft\"><a href=\"https:\/\/wohnprojektbadbramstedt.de\/wp-content\/uploads\/2022\/02\/IMG_20220219_135649-Blick-auf-Ueberchwemmung-von-Sueden1-scaled.jpg\"><img loading=\"lazy\" decoding=\"async\" aria-describedby=\"caption-attachment-9241\" class=\"size-large wp-image-9241\" src=\"https:\/\/wohnprojektbadbramstedt.de\/wp-content\/uploads\/2022\/02\/IMG_20220219_135649-Blick-auf-Ueberchwemmung-von-Sueden1-1024x469.jpg\" alt=\"\" width=\"640\" height=\"293\" srcset=\"https:\/\/wohnprojektbadbramstedt.de\/wp-content\/uploads\/2022\/02\/IMG_20220219_135649-Blick-auf-Ueberchwemmung-von-Sueden1-1024x469.jpg 1024w, https:\/\/wohnprojektbadbramstedt.de\/wp-content\/uploads\/2022\/02\/IMG_20220219_135649-Blick-auf-Ueberchwemmung-von-Sueden1-300x138.jpg 300w, https:\/\/wohnprojektbadbramstedt.de\/wp-content\/uploads\/2022\/02\/IMG_20220219_135649-Blick-auf-Ueberchwemmung-von-Sueden1-768x352.jpg 768w, https:\/\/wohnprojektbadbramstedt.de\/wp-content\/uploads\/2022\/02\/IMG_20220219_135649-Blick-auf-Ueberchwemmung-von-Sueden1-1536x704.jpg 1536w, https:\/\/wohnprojektbadbramstedt.de\/wp-content\/uploads\/2022\/02\/IMG_20220219_135649-Blick-auf-Ueberchwemmung-von-Sueden1-2048x939.jpg 2048w\" sizes=\"auto, (max-width: 640px) 100vw, 640px\" \/><\/a><p id=\"caption-attachment-9241\" class=\"wp-caption-text\">Idyllische Wasserlandschaft: der Blick von der August-Kelle-Br\u00fccke auf unsere Geb\u00e4ude im Hintergrund.<\/p><\/div>\n","protected":false},"excerpt":{"rendered":"<p>Nach einigen Tagen starken Regens f\u00e4llt mal wieder\u00a0 der Blick aus dem Fenster auf eine ausgepr\u00e4gte Seenlandschaft. Von der Au ist nichts mehr zu erkennen und das Wasser hat das ganze Tal \u00fcberschwemmt.\u00a0 Die Wanderwege sind f\u00fcr einige Tage gesperrt &hellip; <a href=\"https:\/\/wohnprojektbadbramstedt.de\/?p=9239\">Weiterlesen <span class=\"meta-nav\">&rarr;<\/span><\/a><\/p>\n","protected":false},"author":1,"featured_media":0,"comment_status":"closed","ping_status":"closed","sticky":false,"template":"","format":"standard","meta":{"footnotes":""},"categories":[7,42],"tags":[13,74,18,75,19],"class_list":["post-9239","post","type-post","status-publish","format-standard","hentry","category-grundstuck","category-umweltschonend","tag-bad-bramstedt","tag-hochwasser","tag-nachbarschaftlich","tag-ueberschwemmung","tag-wohnprojekt"],"_links":{"self":[{"href":"https:\/\/wohnprojektbadbramstedt.de\/index.php?rest_route=\/wp\/v2\/posts\/9239","targetHints":{"allow":["GET"]}}],"collection":[{"href":"https:\/\/wohnprojektbadbramstedt.de\/index.php?rest_route=\/wp\/v2\/posts"}],"about":[{"href":"https:\/\/wohnprojektbadbramstedt.de\/index.php?rest_route=\/wp\/v2\/types\/post"}],"author":[{"embeddable":true,"href":"https:\/\/wohnprojektbadbramstedt.de\/index.php?rest_route=\/wp\/v2\/users\/1"}],"replies":[{"embeddable":true,"href":"https:\/\/wohnprojektbadbramstedt.de\/index.php?rest_route=%2Fwp%2Fv2%2Fcomments&post=9239"}],"version-history":[{"count":9,"href":"https:\/\/wohnprojektbadbramstedt.de\/index.php?rest_route=\/wp\/v2\/posts\/9239\/revisions"}],"predecessor-version":[{"id":9250,"href":"https:\/\/wohnprojektbadbramstedt.de\/index.php?rest_route=\/wp\/v2\/posts\/9239\/revisions\/9250"}],"wp:attachment":[{"href":"https:\/\/wohnprojektbadbramstedt.de\/index.php?rest_route=%2Fwp%2Fv2%2Fmedia&parent=9239"}],"wp:term":[{"taxonomy":"category","embeddable":true,"href":"https:\/\/wohnprojektbadbramstedt.de\/index.php?rest_route=%2Fwp%2Fv2%2Fcategories&post=9239"},{"taxonomy":"post_tag","embeddable":true,"href":"https:\/\/wohnprojektbadbramstedt.de\/index.php?rest_route=%2Fwp%2Fv2%2Ftags&post=9239"}],"curies":[{"name":"wp","href":"https:\/\/api.w.org\/{rel}","templated":true}]}}