{"id":9405,"date":"2022-06-09T09:08:00","date_gmt":"2022-06-09T08:08:00","guid":{"rendered":"https:\/\/wohnprojekt.wohnprojektbadbramstedt.de\/?p=9405"},"modified":"2022-07-10T09:17:52","modified_gmt":"2022-07-10T08:17:52","slug":"bluehwiese-im-zweiten-jahr","status":"publish","type":"post","link":"https:\/\/wohnprojektbadbramstedt.de\/?p=9405","title":{"rendered":"Unsere Bl\u00fchwiese im zweiten Jahr"},"content":{"rendered":"<div id=\"attachment_9406\" style=\"width: 147px\" class=\"wp-caption alignleft\"><a href=\"https:\/\/wohnprojektbadbramstedt.de\/wp-content\/uploads\/2022\/07\/IMG_20220614_171008-Bluehwiese-2-scaled-e1657352582698.jpg\"><img loading=\"lazy\" decoding=\"async\" aria-describedby=\"caption-attachment-9406\" class=\"size-medium wp-image-9406\" src=\"https:\/\/wohnprojektbadbramstedt.de\/wp-content\/uploads\/2022\/07\/IMG_20220614_171008-Bluehwiese-2-scaled-e1657352582698-137x300.jpg\" alt=\"\" width=\"137\" height=\"300\" srcset=\"https:\/\/wohnprojektbadbramstedt.de\/wp-content\/uploads\/2022\/07\/IMG_20220614_171008-Bluehwiese-2-scaled-e1657352582698-137x300.jpg 137w, https:\/\/wohnprojektbadbramstedt.de\/wp-content\/uploads\/2022\/07\/IMG_20220614_171008-Bluehwiese-2-scaled-e1657352582698-469x1024.jpg 469w, https:\/\/wohnprojektbadbramstedt.de\/wp-content\/uploads\/2022\/07\/IMG_20220614_171008-Bluehwiese-2-scaled-e1657352582698-768x1676.jpg 768w, https:\/\/wohnprojektbadbramstedt.de\/wp-content\/uploads\/2022\/07\/IMG_20220614_171008-Bluehwiese-2-scaled-e1657352582698-704x1536.jpg 704w, https:\/\/wohnprojektbadbramstedt.de\/wp-content\/uploads\/2022\/07\/IMG_20220614_171008-Bluehwiese-2-scaled-e1657352582698-938x2048.jpg 938w, https:\/\/wohnprojektbadbramstedt.de\/wp-content\/uploads\/2022\/07\/IMG_20220614_171008-Bluehwiese-2-scaled-e1657352582698.jpg 1173w\" sizes=\"auto, (max-width: 137px) 100vw, 137px\" \/><\/a><p id=\"caption-attachment-9406\" class=\"wp-caption-text\">Der Blick vom Birkenweg auf unsere Bl\u00fchwiese<\/p><\/div>\n<p>Nach Abschluss der g\u00e4rtnerischen Anlage unseres Garten und Parks stellten wir fest, dass in einem Streifen zwischen Carport und Strasse der Rasen nicht so recht wachsen wollte, da im Untergrund wohl zu viel Bauschutt aus historischen Zeiten lag. Sollten wir nun diesen Magerrasen lassen oder durch Bodenauff\u00fcllung und D\u00fcngung einen &#8222;ordentlichen&#8220; Rasen erm\u00f6glichen?<\/p>\n<p>Das zunehmende Fehlen von Lebensr\u00e4umen f\u00fcr Bienen und andere wichtige Insekten \u00fcberzeugte unsere Mitglieder, diese Fl\u00e4che zur Bl\u00fchwiese umzugestalten. Und so machte sich die Gartengruppe im letzten Jahr an die Arbeit, entfernte den Rasen und bereitete den Boden vor. Das f\u00fcr die Insekten \u201erichtige\u201c Saatgut wird von den Naturschutzgruppen angeboten. Sie regen an, dass m\u00f6glichst viele solcher Fl\u00e4chen geschaffen werden, weil Bl\u00fchfl\u00e4chen an Weges- und Feldr\u00e4ndern oder Brachfl\u00e4chen zunehmend verschwinden und der Lebensraum f\u00fcr Insekten immer kleiner wird. \u00a0Sie stellen eine Saatmischung zusammen, die von Bienen und anderen Bl\u00fctenbesucher als Nahrungsquelle besonders gesch\u00e4tzt werden. Die bunte und belebte Wiese erfreut nicht nur unser Auge, sondern sie tr\u00e4gt zur \u00a0biologischen Vielfalt bei.<\/p>\n<p>Die Bl\u00fchzeit reicht bis in den Herbst und erfreut mit ihrem Artenreichtum neben den Insekten wie Honigbienen, Wildbienen, Hummeln und Schmetterlingen nicht nur unsere Bewohner sondern auch Spazierg\u00e4nger auf dem Birkenweg beim Blick \u00fcber die Hecke.<\/p>\n<div id=\"attachment_9407\" style=\"width: 650px\" class=\"wp-caption alignnone\"><a href=\"https:\/\/wohnprojektbadbramstedt.de\/wp-content\/uploads\/2022\/07\/IMG_20220614_171008-Bluehwiese-3-scaled.jpg\"><img loading=\"lazy\" decoding=\"async\" aria-describedby=\"caption-attachment-9407\" class=\"size-large wp-image-9407\" src=\"https:\/\/wohnprojektbadbramstedt.de\/wp-content\/uploads\/2022\/07\/IMG_20220614_171008-Bluehwiese-3-1024x840.jpg\" alt=\"\" width=\"640\" height=\"525\" srcset=\"https:\/\/wohnprojektbadbramstedt.de\/wp-content\/uploads\/2022\/07\/IMG_20220614_171008-Bluehwiese-3-1024x840.jpg 1024w, https:\/\/wohnprojektbadbramstedt.de\/wp-content\/uploads\/2022\/07\/IMG_20220614_171008-Bluehwiese-3-300x246.jpg 300w, https:\/\/wohnprojektbadbramstedt.de\/wp-content\/uploads\/2022\/07\/IMG_20220614_171008-Bluehwiese-3-768x630.jpg 768w, https:\/\/wohnprojektbadbramstedt.de\/wp-content\/uploads\/2022\/07\/IMG_20220614_171008-Bluehwiese-3-1536x1260.jpg 1536w, https:\/\/wohnprojektbadbramstedt.de\/wp-content\/uploads\/2022\/07\/IMG_20220614_171008-Bluehwiese-3-2048x1680.jpg 2048w\" sizes=\"auto, (max-width: 640px) 100vw, 640px\" \/><\/a><p id=\"caption-attachment-9407\" class=\"wp-caption-text\">Fingerhut, Mohn, Nebelblume und viele Gr\u00e4ser haben sich \u00fcppig ausgebreitet (im Hintergrund Rosen an der Carportwand)<\/p><\/div>\n<p>&nbsp;<\/p>\n","protected":false},"excerpt":{"rendered":"<p>Nach Abschluss der g\u00e4rtnerischen Anlage unseres Garten und Parks stellten wir fest, dass in einem Streifen zwischen Carport und Strasse der Rasen nicht so recht wachsen wollte, da im Untergrund wohl zu viel Bauschutt aus historischen Zeiten lag. Sollten wir &hellip; <a href=\"https:\/\/wohnprojektbadbramstedt.de\/?p=9405\">Weiterlesen <span class=\"meta-nav\">&rarr;<\/span><\/a><\/p>\n","protected":false},"author":1,"featured_media":0,"comment_status":"closed","ping_status":"closed","sticky":false,"template":"","format":"standard","meta":{"footnotes":""},"categories":[38],"tags":[13,83,82,18,19],"class_list":["post-9405","post","type-post","status-publish","format-standard","hentry","category-gartengestaltung","tag-bad-bramstedt","tag-bienenschutz","tag-bluehwiese","tag-nachbarschaftlich","tag-wohnprojekt"],"_links":{"self":[{"href":"https:\/\/wohnprojektbadbramstedt.de\/index.php?rest_route=\/wp\/v2\/posts\/9405","targetHints":{"allow":["GET"]}}],"collection":[{"href":"https:\/\/wohnprojektbadbramstedt.de\/index.php?rest_route=\/wp\/v2\/posts"}],"about":[{"href":"https:\/\/wohnprojektbadbramstedt.de\/index.php?rest_route=\/wp\/v2\/types\/post"}],"author":[{"embeddable":true,"href":"https:\/\/wohnprojektbadbramstedt.de\/index.php?rest_route=\/wp\/v2\/users\/1"}],"replies":[{"embeddable":true,"href":"https:\/\/wohnprojektbadbramstedt.de\/index.php?rest_route=%2Fwp%2Fv2%2Fcomments&post=9405"}],"version-history":[{"count":6,"href":"https:\/\/wohnprojektbadbramstedt.de\/index.php?rest_route=\/wp\/v2\/posts\/9405\/revisions"}],"predecessor-version":[{"id":9420,"href":"https:\/\/wohnprojektbadbramstedt.de\/index.php?rest_route=\/wp\/v2\/posts\/9405\/revisions\/9420"}],"wp:attachment":[{"href":"https:\/\/wohnprojektbadbramstedt.de\/index.php?rest_route=%2Fwp%2Fv2%2Fmedia&parent=9405"}],"wp:term":[{"taxonomy":"category","embeddable":true,"href":"https:\/\/wohnprojektbadbramstedt.de\/index.php?rest_route=%2Fwp%2Fv2%2Fcategories&post=9405"},{"taxonomy":"post_tag","embeddable":true,"href":"https:\/\/wohnprojektbadbramstedt.de\/index.php?rest_route=%2Fwp%2Fv2%2Ftags&post=9405"}],"curies":[{"name":"wp","href":"https:\/\/api.w.org\/{rel}","templated":true}]}}