{"id":9711,"date":"2023-02-22T11:08:13","date_gmt":"2023-02-22T10:08:13","guid":{"rendered":"https:\/\/wohnprojekt.wohnprojektbadbramstedt.de\/?p=9711"},"modified":"2023-03-09T11:12:27","modified_gmt":"2023-03-09T10:12:27","slug":"5-jahre-wohnprojekt-haus-an-den-auen-hohe-zufriedenheit-mit-dem-leben-in-guter-nachbarschaft","status":"publish","type":"post","link":"https:\/\/wohnprojektbadbramstedt.de\/?p=9711","title":{"rendered":"5 Jahre Wohnprojekt Haus an den Auen &#8211; Hohe Zufriedenheit mit dem &#8222;Leben in guter Nachbarschaft&#8220;"},"content":{"rendered":"<div id=\"attachment_9716\" style=\"width: 310px\" class=\"wp-caption alignleft\"><a href=\"https:\/\/wohnprojektbadbramstedt.de\/wp-content\/uploads\/2023\/03\/IMG_20220822_103030-Kopie-scaled.jpg\"><img loading=\"lazy\" decoding=\"async\" aria-describedby=\"caption-attachment-9716\" class=\"size-medium wp-image-9716\" src=\"https:\/\/wohnprojektbadbramstedt.de\/wp-content\/uploads\/2023\/03\/IMG_20220822_103030-Kopie-300x162.jpg\" alt=\"\" width=\"300\" height=\"162\" srcset=\"https:\/\/wohnprojektbadbramstedt.de\/wp-content\/uploads\/2023\/03\/IMG_20220822_103030-Kopie-300x162.jpg 300w, https:\/\/wohnprojektbadbramstedt.de\/wp-content\/uploads\/2023\/03\/IMG_20220822_103030-Kopie-1024x552.jpg 1024w, https:\/\/wohnprojektbadbramstedt.de\/wp-content\/uploads\/2023\/03\/IMG_20220822_103030-Kopie-768x414.jpg 768w, https:\/\/wohnprojektbadbramstedt.de\/wp-content\/uploads\/2023\/03\/IMG_20220822_103030-Kopie-1536x827.jpg 1536w, https:\/\/wohnprojektbadbramstedt.de\/wp-content\/uploads\/2023\/03\/IMG_20220822_103030-Kopie-2048x1103.jpg 2048w\" sizes=\"auto, (max-width: 300px) 100vw, 300px\" \/><\/a><p id=\"caption-attachment-9716\" class=\"wp-caption-text\">Mitmachen ist notwendig, um unser Anwesen in Ordnung zu halten. Das gemeinsame Arbeiten wird aber auch sehr gesch\u00e4tzt.<\/p><\/div>\n<p><strong>Nach langer Planungs- und Bauphase konnten wir im Januar 2018 in unser neu geschaffenes Haus an den Auen einziehen. Dies ist nun f\u00fcnf Jahre her. Ein guter Anlass, ein erstes Resumee zu ziehen.<\/strong><\/p>\n<p>Wie f\u00fchlst Du Dich nach 5 Jahren Leben im Wohnprojekt? Mit dieser und weiteren Fragen haben wir uns an alle MitbewohnerInnen gewandt.\u00a0 Nach 5 Jahren sahen wir einen guten Anlass nachzuh\u00f6ren, ob sie sich in ihrer Wohnung und der Anlage wohl f\u00fchlen, wie sie das Miteinander im\u00a0 Projekt einsch\u00e4tzen\u00a0 und wie zufrieden sie mit dem Gemeinschaftsleben sind. Zudem wollten wir wissen, ob es Kritik und \u00c4nderungsw\u00fcnsche gibt und ob sie nochmal einziehen w\u00fcrden.<\/p>\n<p>Vier unserer Mitglieder hatten ihre Nachbarn befragt und das anonymisierte Ergebnis der Interviews zusammengestellt. Es ist ein reiches Meinungsbild entstanden und wir haben viele Aspekte \u00fcber das jeweilige Befinden aller NachbarInnen erfahren.<\/p>\n<p>Wir haben uns alle sehr gefreut, dass die Zufriedenheit mit den Wohnungen und dem Miteinander fast uneingeschr\u00e4nkt positiv bewertet wurde.\u00a0 Besonders gef\u00e4llt die Lage im Gr\u00fcnen, der sch\u00f6ne Park und Garten empfunden. Die individuellen Gestaltungsm\u00f6glichkeiten, der Fahrstuhl und das Eingangsambiente werden gesch\u00e4tzt und mit \u201eMan kommt gerne nach Hause\u201c und \u201ewir f\u00fchlen uns hier wohl\u201c\u00a0 zum Ausdruck gebracht. Positiv hervorgehoben wurde die gro\u00dfe Bereitschaft zur gegenseitigen Unterst\u00fctzung und die vielf\u00e4ltigen Aktivit\u00e4ten. Zur Frage, w\u00fcrdest Du erneut einziehen wollen, formulierte es ein Mitglied so \u201edas ist eine der besten Entscheidungen meines Lebens\u201c.<\/p>\n<p>Bei den W\u00fcnschen nach Ver\u00e4nderung und was man schon immer mal anmerken wollte, haben wir etliche Anregungen f\u00fcr Verbesserungen und Diskussionen bekommen haben. Es sind Vorschl\u00e4ge zur Hof- und Gartengestaltung sowie zur Schaffung weiterer Au\u00dfensitzpl\u00e4tze eingegangen. Unser internes Veranstaltungsprogramm mit gemeinsamen Essen, Vortr\u00e4gen und sportlichen Aktivit\u00e4ten soll beibehalten werden, einige w\u00fcnschen sich es auszuweiten. Die allgemeine Projektverwaltung ben\u00f6tige ein breiteres Engagement wurde angemahnt.<\/p>\n<p>Das sind gute Voraussetzungen f\u00fcr den Start in die n\u00e4chsten 5 Jahre.<\/p>\n<div id=\"attachment_9717\" style=\"width: 650px\" class=\"wp-caption alignnone\"><a href=\"https:\/\/wohnprojektbadbramstedt.de\/wp-content\/uploads\/2023\/03\/IMG_20220708_151218-Kopie-scaled.jpg\"><img loading=\"lazy\" decoding=\"async\" aria-describedby=\"caption-attachment-9717\" class=\"size-large wp-image-9717\" src=\"https:\/\/wohnprojektbadbramstedt.de\/wp-content\/uploads\/2023\/03\/IMG_20220708_151218-Kopie-1024x417.jpg\" alt=\"\" width=\"640\" height=\"261\" srcset=\"https:\/\/wohnprojektbadbramstedt.de\/wp-content\/uploads\/2023\/03\/IMG_20220708_151218-Kopie-1024x417.jpg 1024w, https:\/\/wohnprojektbadbramstedt.de\/wp-content\/uploads\/2023\/03\/IMG_20220708_151218-Kopie-300x122.jpg 300w, https:\/\/wohnprojektbadbramstedt.de\/wp-content\/uploads\/2023\/03\/IMG_20220708_151218-Kopie-768x313.jpg 768w, https:\/\/wohnprojektbadbramstedt.de\/wp-content\/uploads\/2023\/03\/IMG_20220708_151218-Kopie-1536x626.jpg 1536w, https:\/\/wohnprojektbadbramstedt.de\/wp-content\/uploads\/2023\/03\/IMG_20220708_151218-Kopie-2048x835.jpg 2048w\" sizes=\"auto, (max-width: 640px) 100vw, 640px\" \/><\/a><p id=\"caption-attachment-9717\" class=\"wp-caption-text\">Auch sehr gesch\u00e4tzt: ein bis zwei Menschen backen Kuchen und laden alle Nachbarn ein, die Lust und Zeit auf einen Kl\u00f6nschnack haben.<\/p><\/div>\n","protected":false},"excerpt":{"rendered":"<p>Nach langer Planungs- und Bauphase konnten wir im Januar 2018 in unser neu geschaffenes Haus an den Auen einziehen. Dies ist nun f\u00fcnf Jahre her. Ein guter Anlass, ein erstes Resumee zu ziehen. Wie f\u00fchlst Du Dich nach 5 Jahren &hellip; <a href=\"https:\/\/wohnprojektbadbramstedt.de\/?p=9711\">Weiterlesen <span class=\"meta-nav\">&rarr;<\/span><\/a><\/p>\n","protected":false},"author":1,"featured_media":0,"comment_status":"closed","ping_status":"closed","sticky":false,"template":"","format":"standard","meta":{"footnotes":""},"categories":[1],"tags":[],"class_list":["post-9711","post","type-post","status-publish","format-standard","hentry","category-allgemein"],"_links":{"self":[{"href":"https:\/\/wohnprojektbadbramstedt.de\/index.php?rest_route=\/wp\/v2\/posts\/9711","targetHints":{"allow":["GET"]}}],"collection":[{"href":"https:\/\/wohnprojektbadbramstedt.de\/index.php?rest_route=\/wp\/v2\/posts"}],"about":[{"href":"https:\/\/wohnprojektbadbramstedt.de\/index.php?rest_route=\/wp\/v2\/types\/post"}],"author":[{"embeddable":true,"href":"https:\/\/wohnprojektbadbramstedt.de\/index.php?rest_route=\/wp\/v2\/users\/1"}],"replies":[{"embeddable":true,"href":"https:\/\/wohnprojektbadbramstedt.de\/index.php?rest_route=%2Fwp%2Fv2%2Fcomments&post=9711"}],"version-history":[{"count":4,"href":"https:\/\/wohnprojektbadbramstedt.de\/index.php?rest_route=\/wp\/v2\/posts\/9711\/revisions"}],"predecessor-version":[{"id":9720,"href":"https:\/\/wohnprojektbadbramstedt.de\/index.php?rest_route=\/wp\/v2\/posts\/9711\/revisions\/9720"}],"wp:attachment":[{"href":"https:\/\/wohnprojektbadbramstedt.de\/index.php?rest_route=%2Fwp%2Fv2%2Fmedia&parent=9711"}],"wp:term":[{"taxonomy":"category","embeddable":true,"href":"https:\/\/wohnprojektbadbramstedt.de\/index.php?rest_route=%2Fwp%2Fv2%2Fcategories&post=9711"},{"taxonomy":"post_tag","embeddable":true,"href":"https:\/\/wohnprojektbadbramstedt.de\/index.php?rest_route=%2Fwp%2Fv2%2Ftags&post=9711"}],"curies":[{"name":"wp","href":"https:\/\/api.w.org\/{rel}","templated":true}]}}